


{"id":5394,"date":"2023-10-10T15:41:29","date_gmt":"2023-10-10T13:41:29","guid":{"rendered":"https:\/\/www.editions-eni.fr\/blog\/?p=5394"},"modified":"2024-12-31T16:04:56","modified_gmt":"2024-12-31T15:04:56","slug":"ia-generative-la-charrue-les-boeufs-et-lagriculteur","status":"publish","type":"post","link":"https:\/\/www.editions-eni.fr\/blog\/ia-generative-la-charrue-les-boeufs-et-lagriculteur\/","title":{"rendered":"IA g\u00e9n\u00e9rative : la charrue, les b\u0153ufs et l\u2019agriculteur"},"content":{"rendered":"\n[et_pb_section fb_built=&#8221;1&#8243; _builder_version=&#8221;4.9.0&#8243; _module_preset=&#8221;default&#8221; custom_margin=&#8221;-13px|||||&#8221; custom_padding=&#8221;6px|||||&#8221;][et_pb_row _builder_version=&#8221;4.9.0&#8243; _module_preset=&#8221;default&#8221; custom_padding=&#8221;0px||0px||false|false&#8221;][et_pb_column type=&#8221;4_4&#8243; _builder_version=&#8221;4.9.0&#8243; _module_preset=&#8221;default&#8221;][et_pb_text _builder_version=&#8221;4.9.7&#8243; _module_preset=&#8221;default&#8221; text_font=&#8221;||||||||&#8221;]<p><em>Article initialement publi\u00e9 sur la newsletter Ctrl Tech : <a class=\"libutton\" href=\"https:\/\/www.linkedin.com\/build-relation\/newsletter-follow?entityUrn=7098212711825580032\" target=\"_blank\" rel=\"noopener\">S\u2019abonner sur LinkedIn<\/a><\/em><br \/><strong><\/strong><\/p>\n<p><strong>M\u00eame si je s\u00e9pare clairement vie priv\u00e9e et vie professionnelle, ma totale incapacit\u00e9 \u00e0 vivre d\u00e9connect\u00e9e, ne serait-ce que quelques jours, m\u2019a amen\u00e9 indirectement un peu de boulot sous le soleil. Il m\u2019a suffi d\u2019ouvrir les sites d\u2019actus, m\u00eame g\u00e9n\u00e9ralistes, pour retomber sur LA th\u00e9matique du moment dans mon boulot et beaucoup d\u2019autres, l\u2019Intelligence artificielle\u00a0g\u00e9n\u00e9rative ! Et la plupart du temps, le sujet se \u00ab\u00a0resserrait\u00a0\u00bb autour de ChatGPT.<\/strong><\/p>\n<p><strong>\u00a0<\/strong><strong>Le ph\u00e9nom\u00e8ne par lequel une technologie est pr\u00e9sent\u00e9e comme une r\u00e9volution, est fr\u00e9quent. Tr\u00e8s fr\u00e9quent (trop fr\u00e9quent). Et si bien souvent, l\u2019avenir infirme cet avis (coucou le m\u00e9taverse), ne pas s\u2019y int\u00e9resser serait aussi une erreur. Sur l\u2019IA g\u00e9n\u00e9rative en g\u00e9n\u00e9ral, et sur ChatGPT en particulier, je trouve que l\u2019on prend rapidement conscience de ce que cela peut amener et de l\u2019\u00e9ventuelle (r)\u00e9volution qui en d\u00e9coulerait. Mais mes premi\u00e8res exp\u00e9riences sur midjourney ou ChatGPT m\u2019ont plus fait rire qu\u2019autre chose&#8230; Les oracles auraient-ils tort\u00a0ou avais-je pris l\u2019outil par le mauvais bout\u00a0? <a href=\"https:\/\/www.editions-eni.fr\/livre\/chatgpt-qui-es-tu-9782409041044\" target=\"_blank\" rel=\"noopener\">Le livre \u00ab ChatGPT, qui es-tu ? \u00bb<\/a> m\u2019a donn\u00e9 la r\u00e9ponse et plus que cela, il m\u2019a amen\u00e9 un autre regard sur les IA g\u00e9n\u00e9ratives que je souhaitais vous partager.<\/strong><\/p>[\/et_pb_text][\/et_pb_column][\/et_pb_row][\/et_pb_section][et_pb_section fb_built=&#8221;1&#8243; _builder_version=&#8221;4.9.7&#8243; _module_preset=&#8221;default&#8221;][et_pb_row column_structure=&#8221;3_5,2_5&#8243; _builder_version=&#8221;4.9.7&#8243; _module_preset=&#8221;default&#8221;][et_pb_column type=&#8221;3_5&#8243; _builder_version=&#8221;4.9.7&#8243; _module_preset=&#8221;default&#8221;][et_pb_text _builder_version=&#8221;4.9.7&#8243; _module_preset=&#8221;default&#8221; custom_margin=&#8221;||||false|false&#8221;]<p>\u00ab\u00a0Nous changeons nos outils puis nos outils nous changent\u00a0\u00bb<\/p>\n<p>a dit un jour un gars pomm\u00e9 (Steve Jobs).<\/p>\n<p>Indubitablement. Et l\u2019\u00e9mergence de l\u2019intelligence artificielle le montre \u00e0 nouveau. Car si l\u2019explosion des IA g\u00e9n\u00e9ratives n\u2019a que quelques ann\u00e9es (et encore), il faut se rappeler que la notion d\u2019intelligence artificielle date, elle, des ann\u00e9es 50 (avec le test de Turing par exemple). C\u2019est au d\u00e9but des ann\u00e9es 80, avec le d\u00e9veloppement de l\u2019informatique, que l\u2019on voit appara\u00eetre l\u2019apprentissage automatique. Ne refaisons pas l\u2019histoire de Deep Blue \u00e0 ChatGPT mais soulignons simplement que ce \u00ab\u00a0changement d\u2019outil\u00a0\u00bb n\u2019est pas r\u00e9cent. Progressivement, l\u2019IA s\u2019est r\u00e9pandue dans la technologie, parfois de mani\u00e8re quasi invisible comme sur nos smartphones.<\/p>\n<p>Alors pourquoi, d\u2019un seul coup ou presque, ChatGPT puis maintenant les Google Bard et autres Adobe Firefly semblent avoir d\u00e9clench\u00e9 un v\u00e9ritable Tsunami\u00a0?<\/p>[\/et_pb_text][\/et_pb_column][et_pb_column type=&#8221;2_5&#8243; _builder_version=&#8221;4.9.7&#8243; _module_preset=&#8221;default&#8221;][et_pb_image src=&#8221;https:\/\/www.editions-eni.fr\/blog\/wp-content\/uploads\/2023\/12\/livre_3D_chatGPT.webp&#8221; alt=&#8221;Livre ChatGPT\nQui es-tu ?&#8221; title_text=&#8221;Livre ChatGPT Qui es-tu ?&#8221; url=&#8221;https:\/\/www.editions-eni.fr\/livre\/chatgpt-qui-es-tu-9782409041044&#8243; url_new_window=&#8221;on&#8221; _builder_version=&#8221;4.9.7&#8243; _module_preset=&#8221;default&#8221; hover_enabled=&#8221;0&#8243; sticky_enabled=&#8221;0&#8243;][\/et_pb_image][\/et_pb_column][\/et_pb_row][et_pb_row _builder_version=&#8221;4.9.7&#8243; _module_preset=&#8221;default&#8221;][et_pb_column type=&#8221;4_4&#8243; _builder_version=&#8221;4.9.7&#8243; _module_preset=&#8221;default&#8221;][et_pb_text _builder_version=&#8221;4.9.7&#8243; _module_preset=&#8221;default&#8221; custom_margin=&#8221;||||false|false&#8221;]<p>\u00ab\u00a0Pour marquer les esprits, il manquait une application accessible \u00e0 tous et avec des capacit\u00e9s parlant d\u2019elles-m\u00eames.\u00a0\u00bb explique\u00a0<a href=\"https:\/\/www.linkedin.com\/in\/ichbiah?miniProfileUrn=urn%3Ali%3Afs_miniProfile%3AACoAAAHPgC4B1Q2NEnNcFe48J14Vg269P_JcvcM\" target=\"_blank\" rel=\"noopener\">Daniel Ichbiah<\/a> dans son ouvrage (\u00e0 retrouver <a href=\"https:\/\/www.editions-eni.fr\/livre\/chatgpt-qui-es-tu-9782409041044\" target=\"_blank\" rel=\"noopener\">ici<\/a>). ChatGPT, c\u2019est en fait une partie visible de l\u2019Iceberg IA (qui a plut\u00f4t la surface d\u2019un continent\u00a0!). Et elle l\u2019est devenue car, il faut le reconna\u00eetre, l\u2019outil d\u2019Open AI est extr\u00eamement accessible\u00a0par le simple fait qu\u2019on lui \u00ab\u00a0parle naturellement\u00a0\u00bb (sans connaissance informatique).<\/p>\n<p>Sauf que, comme beaucoup, les premiers tests \u00e9taient loin d\u2019\u00eatre&#8230; concluants. Midjourney Idem. Et certains de conclure bien trop rapidement \u00ab\u00a0bah elle a une dr\u00f4le de t\u00eate ta r\u00e9volution&#8230;\u00bb.<\/p>[\/et_pb_text][\/et_pb_column][\/et_pb_row][\/et_pb_section][et_pb_section fb_built=&#8221;1&#8243; _builder_version=&#8221;4.9.0&#8243; _module_preset=&#8221;default&#8221;][et_pb_row _builder_version=&#8221;4.9.7&#8243; _module_preset=&#8221;default&#8221; custom_margin=&#8221;-25px|auto||auto||&#8221;][et_pb_column type=&#8221;4_4&#8243; _builder_version=&#8221;4.9.0&#8243; _module_preset=&#8221;default&#8221;][et_pb_image src=&#8221;https:\/\/www.editions-eni.fr\/blog\/wp-content\/uploads\/2023\/12\/illustrfail_midjourney.webp&#8221; alt=&#8221;illustration midjourney&#8221; title_text=&#8221;illustration midjourney&#8221; align=&#8221;center&#8221; _builder_version=&#8221;4.9.7&#8243; _module_preset=&#8221;default&#8221; hover_enabled=&#8221;0&#8243; sticky_enabled=&#8221;0&#8243;][\/et_pb_image][et_pb_text _builder_version=&#8221;4.9.7&#8243; _module_preset=&#8221;default&#8221;]<p style=\"text-align: center;\"><em>Quelques-uns de mes plus beaux fails midjourney.<\/em><\/p>[\/et_pb_text][et_pb_image src=&#8221;https:\/\/www.editions-eni.fr\/blog\/wp-content\/uploads\/2023\/12\/illustration_ia_generative2.webp&#8221; alt=&#8221;Illustration IA g\u00e9n\u00e9rative&#8221; title_text=&#8221;Illustration IA g\u00e9n\u00e9rative&#8221; align=&#8221;center&#8221; _builder_version=&#8221;4.9.7&#8243; _module_preset=&#8221;default&#8221; hover_enabled=&#8221;0&#8243; sticky_enabled=&#8221;0&#8243;][\/et_pb_image][et_pb_text _builder_version=&#8221;4.9.7&#8243; _module_preset=&#8221;default&#8221;]<p>L\u00e0, je voulais qu&#8217;il y ait des chevaliers en armure type Monthy Python devant des ordinateurs, des pythons et bien s\u00fbr un lapin dans une cave. Il n&#8217;a jamais r\u00e9ussi !<\/p>[\/et_pb_text][\/et_pb_column][\/et_pb_row][et_pb_row _builder_version=&#8221;4.9.7&#8243; _module_preset=&#8221;default&#8221;][et_pb_column type=&#8221;4_4&#8243; _builder_version=&#8221;4.9.7&#8243; _module_preset=&#8221;default&#8221;][et_pb_text quote_border_color=&#8221;#3BB6D5&#8243; _builder_version=&#8221;4.9.7&#8243; _module_preset=&#8221;default&#8221; text_font=&#8221;||||||||&#8221; custom_padding=&#8221;||0px|||&#8221;]<h2 style=\"background: white; text-align: center;\"><span style=\"font-family: 'Segoe UI',sans-serif;\">Ne pas mettre la charrue avant les b\u0153ufs<o:p><\/o:p><\/span><\/h2>[\/et_pb_text][et_pb_text _builder_version=&#8221;4.9.7&#8243; _module_preset=&#8221;default&#8221;]<p>Mais dans la phrase de notre philosophe, le mot outil est \u00e9galement tr\u00e8s important (et pour mon raisonnement aussi ^^). Ma veille, tout comme la poursuite de la lecture du livre de Daniel Ichbiah m\u2019ont permis de constater le gouffre qui me s\u00e9pare de ceux qui r\u00e9alisent des visuels \u00e0 tomber par terre ou qui parviennent \u00e0 tirer pleinement partie de ChatGPT en milieu professionnel comme personnel.<\/p>\n<p>\u00ab\u00a0RTFM\u00a0\u00bb auraient dit les philosophes de mon ancien boulot. Je ne traduirai pas cette expression quelque peu p\u00e9jorative mais cela signifie qu\u2019il faut avoir lu le manuel&#8230; Oui mais voil\u00e0, il n\u2019y en a(vait) pas. Et puis, s\u2019il faut un manuel, c\u2019est parce que l\u2019outil n\u2019est plus si accessible que \u00e7a. Et pourtant&#8230;<\/p>\n<p>\u00ab\u00a0Le succ\u00e8s d\u2019une session r\u00e9ussie avec ChatGPT va d\u00e9pendre, dans une large mesure,\u00a0de la qualit\u00e9 de vos &#8220;prompts&#8221; (requ\u00eates).\u00a0\u00bb indique Daniel Ichbiah dans son livre. Il l\u2019avait \u00e9galement d\u00e9taill\u00e9 lors d\u2019un webinaire que vous pouvez revisionner ici\u00a0:\u00a0<\/p>[\/et_pb_text][et_pb_video src=&#8221;https:\/\/youtu.be\/HUauenHeiHQ&#8221; _builder_version=&#8221;4.9.7&#8243; _module_preset=&#8221;default&#8221; module_alignment=&#8221;center&#8221;][\/et_pb_video][\/et_pb_column][\/et_pb_row][\/et_pb_section][et_pb_section fb_built=&#8221;1&#8243; _builder_version=&#8221;4.9.7&#8243; _module_preset=&#8221;default&#8221; custom_margin=&#8221;-30px|||||&#8221; custom_padding=&#8221;50px||0px|||&#8221;][et_pb_row _builder_version=&#8221;4.9.7&#8243; _module_preset=&#8221;default&#8221;][et_pb_column type=&#8221;4_4&#8243; _builder_version=&#8221;4.9.7&#8243; _module_preset=&#8221;default&#8221;][et_pb_text _builder_version=&#8221;4.9.7&#8243; _module_preset=&#8221;default&#8221;]<p>\u00a0Et l\u2019auteur de donner quelques r\u00e8gles en amont de nombreux exemples pour les illustrer\u00a0:<\/p>\n<ul>\n<li>\u00ab\u00a0Il faut que les requ\u00eates d\u00e9finissent clairement ce que l\u2019on attend de lui. Elles peuvent \u00eatre concises mais se doivent d\u2019\u00eatre les plus claires possibles.<\/li>\n<li>Inversement, si une requ\u00eate n\u2019est pas assez pr\u00e9cise, les r\u00e9ponses seront souvent sans int\u00e9r\u00eat.<\/li>\n<li>Il ne faut pas h\u00e9siter \u00e0 formuler des requ\u00eates un peu longues si cela peut aider \u00e0 bien cadrer sa mission. Prenez aussi le temps de bien relire votre requ\u00eate avant de l\u2019envoyer,\u00a0et de la corriger si besoin est.<\/li>\n<li>Il faut encourager ChatGPT \u00e0 d\u00e9velopper certains aspects de ses r\u00e9ponses.<\/li>\n<li>Si l\u2019on est insatisfait d\u2019un r\u00e9sultat, il faut le lui dire et il va alors t\u00e2cher d\u2019am\u00e9liorer ses r\u00e9ponses.\u00a0\u00bb<\/li>\n<\/ul>\n<p>\u00a0Avec ces explications, les possibilit\u00e9s apport\u00e9es par ChatGPT me sont apparues bien plus tangibles\u00a0: mes premiers \u00e9checs \u00e9taient principalement dus \u00e0 la qualit\u00e9 de mes prompts. En somme, je ne savais pas utiliser l\u2019outil, je ne ma\u00eetrisais pas \u00ab\u00a0l\u2019art du prompt\u00a0\u00bb. Et cette expertise de l\u2019outil de plus en plus n\u00e9cessaire ne s\u2019applique pas seulement \u00e0 ChatGPT. Ce n\u2019est pas pour rien que certaines grandes soci\u00e9t\u00e9s embauchent des Prompt engineer.<\/p>\n<p>\u00a0Bien s\u00fbr ChatGPT a ses limites, tout comme l\u2019IA au global. Elles sont nombreuses. Mais \u00e9volutives. Sans cesse. Par essence, ce sont des outils qui se perfectionnent perp\u00e9tuellement comme le montrent les nombreux plug-ins que l\u2019on peut lui greffer et qui change bien la donne comme Webpilot pour parcourir le contenu de pages web ou photorealistic pour&#8230; g\u00e9n\u00e9rer des prompts pour Midjourney. De la Meta IA ^^<\/p>[\/et_pb_text][et_pb_text _builder_version=&#8221;4.9.7&#8243; _module_preset=&#8221;default&#8221;]<p>Mais comme avec tous les outils, bien l\u2019utiliser, en tirer toute la quintessence, demande de l\u2019adaptation, de l\u2019apprentissage. Essayez d\u2019enfoncer un clou avec le manche d\u2019un marteau\u00a0!<\/p>[\/et_pb_text][et_pb_text _builder_version=&#8221;4.9.7&#8243; _module_preset=&#8221;default&#8221;]<h2 style=\"background: white; text-align: center;\"><span style=\"font-family: 'Segoe UI',sans-serif;\">D\u00e9passer le principe de Peter<o:p><\/o:p><\/span><\/h2>[\/et_pb_text][et_pb_text _builder_version=&#8221;4.9.7&#8243; _module_preset=&#8221;default&#8221;]<p>Nous avons parl\u00e9 des b\u0153ufs (IA), de la charrue (les applications), quid de celui qui doit utiliser cet attelage, l\u2019agriculteur dans notre m\u00e9taphore\u00a0?<\/p>\n<p>Force est de constater que depuis ce d\u00e9but 2023, il y en a de nombreux types\u00a0dont :<\/p>\n<ul>\n<li><strong>Ceux qui ne veulent pas parce que \u00ab\u00a0de toutes fa\u00e7ons les r\u00e9sultats sont mauvais et rien n\u2019est sup\u00e9rieur \u00e0 l\u2019Humain\u00a0\u00bb\u00a0:<\/strong>\u00a0\u00e9rig\u00e9 en termes de principe, il est difficile de d\u00e9battre sur un tel terrain. N\u00e9anmoins, et la lecture de ce genre de livres peut aider, beaucoup adoptent ce positionnement par manque de connaissance. Surtout, on rappelle qu\u2019avec l\u2019\u00e9volution naturelle des IA, la posture risque d\u2019\u00eatre rapidement fragilis\u00e9e (si ce n\u2019est pas d\u00e9j\u00e0 le cas).<\/li>\n<\/ul>\n<ul>\n<li><strong>Ceux qui ne veulent pas parce qu\u2019ils ont peur que cela \u00f4te de la mo\u00eblle \u00e0 leur activit\u00e9 professionnelle voire, pire, que l\u2019IA les remplace\u00a0:\u00a0<\/strong>ce sera l\u00e0 notamment tout le r\u00f4le des entreprises et managers de savoir faire adopter l\u2019IA dans un contexte vertueux car la crainte, selon le m\u00e9tier, peut \u00eatre fond\u00e9e. Un exemple frappant est ainsi pour moi le monde du graphisme avec tout ce qui tourne autour de l\u2019originalit\u00e9, de la cr\u00e9ativit\u00e9 pure (puisque l\u2019IA ne fait \u00ab\u00a0que\u00a0\u00bb s\u2019inspirer et est par nature incapable de casser des codes) et m\u00eame des droits. L\u2019adoption de l\u00e9gislation encadrant le d\u00e9ploiement de l\u2019IA, r\u00e9clam\u00e9e par nombre de sp\u00e9cialistes comme\u00a0<a href=\"https:\/\/www.editions-eni.fr\/jean-michel-rodriguez\" target=\"_blank\" rel=\"noopener\">Jean Michel Rodriguez<\/a> aidera sans doute \u00e9galement \u00e0 rassurer (<a href=\"https:\/\/www.editions-eni.fr\/blog\/jean-michel-rodriguez-lethique-pour-encadrer-lia\/\" target=\"_blank\" rel=\"noopener\">voir son interview sur ce blog<\/a>).<\/li>\n<\/ul>\n<p>\u00a0<strong>Ceux qui se sont d\u00e9j\u00e0 saisis du sujet et tirent \u00e9norm\u00e9ment parti des IA\u00a0:<\/strong>\u00a0tels les early adopters de l\u2019IT, ils ne sont \u00e9videmment plus \u00e0 convaincre\u00a0! En revanche, ils peuvent jouer un r\u00f4le en expliquant, en prouvant, voire en formant \u00e0 condition de ne pas tomber dans l\u2019exc\u00e8s d\u2019optimisme et de faire croire que, je caricature, l\u2019IA peut tout faire et bien. Si d\u2019ailleurs vous voulez des comptes int\u00e9ressants \u00e0\u00a0 suivre sur le sujet, je vous invite \u00e0 les mentionner en commentaires.<\/p>\n<p>&nbsp;<\/p>\n<ul>\n<li><strong>Ceux qui voient le potentiel mais ressemblent \u00e0 \u00ab\u00a0une poule qui a trouv\u00e9 un couteau\u00a0\u00bb comme le dit l\u2019expression\u00a0:<\/strong>\u00a0j\u2019en faisais partie et je crois que c\u2019est la population la plus nombreuse. D\u2019autant que les d\u00e9buts peuvent vite donner l\u2019impression que l\u2019on a atteint son degr\u00e9 d\u2019incomp\u00e9tence, le fameux principe de Peter. C\u2019est aussi pour eux que le livre de Daniel Ichbiah par exemple est recommand\u00e9. Ici m\u00eame, sur LinkedIn, on trouve \u00e9galement de plus en plus d\u2019informations et de conseils pour sauter dans le train (ou la charrue, c\u2019est selon).<\/li>\n<\/ul>\n<h3>\u00a0 Ni bien ni mal, bien au contraire<\/h3>\n<p>Il m\u2019a sembl\u00e9 important de partager mon cheminement tant le manich\u00e9isme entoure les d\u00e9bats autour de l\u2019IA (voire tous les d\u00e9bats ^^). Il est parfois sain d\u2019avoir des principes mais uniquement quand ceux-ci peuvent \u00eatre remis en cause. Or entre les cris d\u2019orfraie et le culte aveugle \u00e0 l\u2019IA, on passe trop souvent \u00e0 c\u00f4t\u00e9 de vrais d\u00e9bats, de vrais questionnements.<\/p>\n<p>Sauf \u00e0 challenger nos vies num\u00e9riques (et pourquoi pas d\u2019ailleurs), pourquoi ne pas vouloir consid\u00e9rer l\u2019intelligence artificielle pour ce qu\u2019elle est\u00a0: un outil\u00a0? Ne faut-il pas la fa\u00e7onner pour qu\u2019elle r\u00e9ponde toujours plus \u00e0 de vrais besoins, l\u2019encadrer pour que l\u2019IH, l\u2019intelligence humaine, qui la cr\u00e9e et l\u2019utilise garde toute sa place\u00a0? C\u2019est en \u00e9vitant \u00e0 ces questionnements, certes complexes, que les cons\u00e9quences risquent d\u2019\u00eatre n\u00e9gatives&#8230;<\/p>[\/et_pb_text][\/et_pb_column][\/et_pb_row][\/et_pb_section][et_pb_section fb_built=&#8221;1&#8243; _builder_version=&#8221;4.9.0&#8243; _module_preset=&#8221;default&#8221; locked=&#8221;off&#8221;][et_pb_row _builder_version=&#8221;4.9.0&#8243; _module_preset=&#8221;default&#8221; locked=&#8221;off&#8221;][et_pb_column type=&#8221;4_4&#8243; _builder_version=&#8221;4.9.0&#8243; _module_preset=&#8221;default&#8221;][et_pb_text _builder_version=&#8221;4.9.7&#8243; text_font=&#8221;||||||||&#8221; text_line_height=&#8221;1.8em&#8221; header_font=&#8221;||||||||&#8221; header_2_font=&#8221;Overpass|300|||||||&#8221; header_2_font_size=&#8221;35px&#8221; header_2_line_height=&#8221;1.5em&#8221; custom_margin=&#8221;||0px||false|false&#8221; header_2_font_size_tablet=&#8221;30px&#8221; header_2_font_size_phone=&#8221;20px&#8221; header_2_font_size_last_edited=&#8221;on|phone&#8221; border_color_all=&#8221;#1a0a38&#8243;]<h2>Vous souhaitez aller <span style=\"color: #3bb6d5;\">plus loin ?<\/span><\/h2>[\/et_pb_text][et_pb_divider color=&#8221;#3BB6D5&#8243; divider_position=&#8221;center&#8221; divider_weight=&#8221;3px&#8221; _builder_version=&#8221;4.9.0&#8243; max_width=&#8221;90px&#8221; max_width_tablet=&#8221;13%&#8221; max_width_last_edited=&#8221;off|desktop&#8221; custom_margin=&#8221;5px||||false|false&#8221; custom_padding=&#8221;|||&#8221; locked=&#8221;off&#8221;][\/et_pb_divider][\/et_pb_column][\/et_pb_row][et_pb_row column_structure=&#8221;1_4,1_4,1_4,1_4&#8243; _builder_version=&#8221;4.9.7&#8243; _module_preset=&#8221;default&#8221; background_color=&#8221;RGBA(0,0,0,0)&#8221; custom_margin=&#8221;||5px||false|false&#8221; custom_css_main_element_last_edited=&#8221;on|phone&#8221; custom_css_main_element_tablet=&#8221;display:flex;&#8221; custom_css_main_element_phone=&#8221;display:inherit;&#8221;][et_pb_column type=&#8221;1_4&#8243; _builder_version=&#8221;4.9.7&#8243; _module_preset=&#8221;default&#8221;][et_pb_image src=&#8221;https:\/\/www.editions-eni.fr\/blog\/wp-content\/uploads\/2023\/10\/intelligence-artificielle-impact-sur-les-entreprises-et-le-business-2e-edition-9782409038006_XL.jpg&#8221; alt=&#8221;Livre Passez au DevOps Votre nouvelle fa\u00e7on de travailler&#8221; title_text=&#8221;Livre Passez au DevOps Votre nouvelle fa\u00e7on de travailler&#8221; url=&#8221;https:\/\/www.editions-eni.fr\/livre\/intelligence-artificielle-impact-sur-les-entreprises-et-le-business-2e-edition-9782409038006&#8243; url_new_window=&#8221;on&#8221; _builder_version=&#8221;4.9.7&#8243; _module_preset=&#8221;default&#8221; width_tablet=&#8221;85%&#8221; width_phone=&#8221;&#8221; width_last_edited=&#8221;on|tablet&#8221; custom_margin=&#8221;||10px||false|false&#8221; custom_margin_tablet=&#8221;&#8221; custom_margin_phone=&#8221;&#8221; custom_margin_last_edited=&#8221;on|desktop&#8221; box_shadow_style=&#8221;preset3&#8243; transform_styles__hover_enabled=&#8221;on|hover&#8221; transform_scale__hover=&#8221;105%|105%&#8221; transform_scale__hover_enabled=&#8221;on|hover&#8221; transform_translate__hover_enabled=&#8221;on|desktop&#8221; transform_rotate__hover_enabled=&#8221;on|desktop&#8221; transform_skew__hover_enabled=&#8221;on|desktop&#8221; transform_origin__hover_enabled=&#8221;on|desktop&#8221;][\/et_pb_image][et_pb_text _builder_version=&#8221;4.9.7&#8243; _module_preset=&#8221;default&#8221; text_font=&#8221;||||||||&#8221; text_text_color=&#8221;#3BB6D5&#8243; background_color=&#8221;RGBA(0,0,0,0)&#8221; custom_margin=&#8221;||5px||false|false&#8221;]Livre[\/et_pb_text][et_pb_text _builder_version=&#8221;4.9.7&#8243; _module_preset=&#8221;default&#8221; custom_padding_tablet=&#8221;|10px|||false|false&#8221; custom_padding_phone=&#8221;|0px|||false|false&#8221; custom_padding_last_edited=&#8221;on|phone&#8221; link_option_url=&#8221;https:\/\/www.editions-eni.fr\/livre\/apache-spark-developpez-en-python-pour-le-big-data-9782409033780?utm_source=sendinblue&#038;utm_campaign=2022-03-GROUPE-Webinaire-Machine-Learning&#038;utm_medium=email&#8221;]<strong>Intelligence Artificielle<\/strong>\nImpact sur les entreprises et le business[\/et_pb_text][\/et_pb_column][et_pb_column type=&#8221;1_4&#8243; _builder_version=&#8221;4.9.0&#8243; _module_preset=&#8221;default&#8221;][et_pb_image src=&#8221;https:\/\/www.editions-eni.fr\/blog\/wp-content\/uploads\/2023\/10\/chatgpt-qui-es-tu-9782409041044_XL.jpg&#8221; alt=&#8221;Livre DevOps Int\u00e9grez et d\u00e9ployez en continu&#8221; title_text=&#8221;devops-integrez-et-deployez-en-continu-avec-exemple-cles-en-main-9782409017155_XL&#8221; url=&#8221;https:\/\/www.editions-eni.fr\/livre\/chatgpt-qui-es-tu-9782409041044&#8243; url_new_window=&#8221;on&#8221; _builder_version=&#8221;4.9.7&#8243; _module_preset=&#8221;default&#8221; width_tablet=&#8221;85%&#8221; width_phone=&#8221;&#8221; width_last_edited=&#8221;on|tablet&#8221; custom_margin=&#8221;||10px||false|false&#8221; custom_margin_tablet=&#8221;&#8221; custom_margin_phone=&#8221;&#8221; custom_margin_last_edited=&#8221;on|desktop&#8221; box_shadow_style=&#8221;preset3&#8243; transform_styles__hover_enabled=&#8221;on|hover&#8221; transform_scale__hover=&#8221;105%|105%&#8221; transform_scale__hover_enabled=&#8221;on|hover&#8221; transform_translate__hover_enabled=&#8221;on|desktop&#8221; transform_rotate__hover_enabled=&#8221;on|desktop&#8221; transform_skew__hover_enabled=&#8221;on|desktop&#8221; transform_origin__hover_enabled=&#8221;on|desktop&#8221;][\/et_pb_image][et_pb_text _builder_version=&#8221;4.9.7&#8243; _module_preset=&#8221;default&#8221; text_font=&#8221;||||||||&#8221; text_text_color=&#8221;#3BB6D5&#8243; background_color=&#8221;RGBA(0,0,0,0)&#8221; custom_margin=&#8221;||5px||false|false&#8221;]Livre[\/et_pb_text][et_pb_text _builder_version=&#8221;4.9.7&#8243; _module_preset=&#8221;default&#8221; custom_margin=&#8221;||5px||false|false&#8221; custom_padding_tablet=&#8221;|10px|||false|false&#8221; custom_padding_phone=&#8221;|0px|||false|false&#8221; custom_padding_last_edited=&#8221;on|phone&#8221; link_option_url=&#8221;https:\/\/www.editions-eni.fr\/livre\/gradient-boosting-exploitez-les-arbres-de-decision-pour-le-machine-learning-xgboost-catboost-lightgbm-9782409034022&#8243;]<strong>ChatGPT<\/strong>\nQui es-tu ?[\/et_pb_text][\/et_pb_column][et_pb_column type=&#8221;1_4&#8243; _builder_version=&#8221;4.9.0&#8243; _module_preset=&#8221;default&#8221;][et_pb_image src=&#8221;https:\/\/www.editions-eni.fr\/blog\/wp-content\/uploads\/2023\/10\/spark-un-framework-distribue-pour-le-big-data-et-le-machine-learning-vtspark_XL.png&#8221; alt=&#8221;Vid\u00e9o Comprendre et mettre en \u0153uvre la culture DevOps&#8221; title_text=&#8221;comprendre-et-mettre-en-uvre-la-culture-devops-vt2devops_XL&#8221; url=&#8221;https:\/\/www.editions-eni.fr\/video\/spark-un-framework-distribue-pour-le-big-data-et-le-machine-learning-vtspark&#8221; url_new_window=&#8221;on&#8221; _builder_version=&#8221;4.9.7&#8243; _module_preset=&#8221;default&#8221; width_tablet=&#8221;85%&#8221; width_phone=&#8221;&#8221; width_last_edited=&#8221;on|tablet&#8221; custom_margin=&#8221;||10px||false|false&#8221; custom_margin_tablet=&#8221;&#8221; custom_margin_phone=&#8221;&#8221; custom_margin_last_edited=&#8221;on|desktop&#8221; box_shadow_style=&#8221;preset3&#8243; transform_styles__hover_enabled=&#8221;on|hover&#8221; transform_scale__hover=&#8221;105%|105%&#8221; transform_scale__hover_enabled=&#8221;on|hover&#8221; transform_translate__hover_enabled=&#8221;on|desktop&#8221; transform_rotate__hover_enabled=&#8221;on|desktop&#8221; transform_skew__hover_enabled=&#8221;on|desktop&#8221; transform_origin__hover_enabled=&#8221;on|desktop&#8221;][\/et_pb_image][et_pb_text _builder_version=&#8221;4.9.7&#8243; _module_preset=&#8221;default&#8221; text_font=&#8221;||||||||&#8221; text_text_color=&#8221;#3BB6D5&#8243; background_color=&#8221;RGBA(0,0,0,0)&#8221; custom_margin=&#8221;||5px||false|false&#8221;]Vid\u00e9o[\/et_pb_text][et_pb_text _builder_version=&#8221;4.9.7&#8243; _module_preset=&#8221;default&#8221; custom_padding_tablet=&#8221;|10px|||false|false&#8221; custom_padding_phone=&#8221;|0px|||false|false&#8221; custom_padding_last_edited=&#8221;on|phone&#8221; link_option_url=&#8221;https:\/\/www.editions-eni.fr\/video\/machine-learning-concepts-et-enjeux-vt2ml&#8221;]<strong>Spark<\/strong>\nUn framework distribu\u00e9 pour le Big Data et le Machine Learning[\/et_pb_text][\/et_pb_column][et_pb_column type=&#8221;1_4&#8243; _builder_version=&#8221;4.9.0&#8243; _module_preset=&#8221;default&#8221;][et_pb_image src=&#8221;https:\/\/www.editions-eni.fr\/blog\/wp-content\/uploads\/2023\/10\/machine-learning-et-python-coffret-de-2-livres-implementation-avec-scikit-learn-9782409037405_XL.png&#8221; alt=&#8221;Scrum Master Coffret de 2 livres : Ma\u00eetrisez vos missions dans une organisation agile Scrum&#8221; title_text=&#8221;scrum-master-coffret-de-2-livres-maitrisez-vos-missions-dans-une-organisation-agile-scrum-9782409032936_XL&#8221; url=&#8221;https:\/\/www.editions-eni.fr\/livre\/machine-learning-et-python-coffret-de-2-livres-implementation-avec-scikit-learn-9782409037405&#8243; url_new_window=&#8221;on&#8221; _builder_version=&#8221;4.9.7&#8243; _module_preset=&#8221;default&#8221; width_tablet=&#8221;85%&#8221; width_phone=&#8221;&#8221; width_last_edited=&#8221;on|tablet&#8221; custom_margin=&#8221;||10px||false|false&#8221; custom_margin_tablet=&#8221;&#8221; custom_margin_phone=&#8221;&#8221; custom_margin_last_edited=&#8221;on|desktop&#8221; box_shadow_style=&#8221;preset3&#8243; transform_styles__hover_enabled=&#8221;on|hover&#8221; transform_scale__hover=&#8221;105%|105%&#8221; transform_scale__hover_enabled=&#8221;on|hover&#8221; transform_translate__hover_enabled=&#8221;on|desktop&#8221; transform_rotate__hover_enabled=&#8221;on|desktop&#8221; transform_skew__hover_enabled=&#8221;on|desktop&#8221; transform_origin__hover_enabled=&#8221;on|desktop&#8221;][\/et_pb_image][et_pb_text _builder_version=&#8221;4.9.7&#8243; _module_preset=&#8221;default&#8221; text_font=&#8221;||||||||&#8221; text_text_color=&#8221;#3BB6D5&#8243; background_color=&#8221;RGBA(0,0,0,0)&#8221; custom_margin=&#8221;||5px||false|false&#8221;]Coffret[\/et_pb_text][et_pb_text _builder_version=&#8221;4.9.7&#8243; _module_preset=&#8221;default&#8221; custom_padding_tablet=&#8221;|10px|||false|false&#8221; custom_padding_phone=&#8221;|0px|||false|false&#8221; custom_padding_last_edited=&#8221;on|phone&#8221; link_option_url=&#8221;https:\/\/www.editions-eni.fr\/video\/machine-learning-concepts-et-enjeux-vt2ml&#8221;]<strong>Machine Learning et Python<\/strong>\nImpl\u00e9mentation avec Scikit-learn[\/et_pb_text][\/et_pb_column][\/et_pb_row][\/et_pb_section][et_pb_section fb_built=&#8221;1&#8243; _builder_version=&#8221;4.9.7&#8243; _module_preset=&#8221;default&#8221; custom_margin=&#8221;0px||0px||false|false&#8221; custom_padding=&#8221;0px||50px||false|false&#8221; saved_tabs=&#8221;all&#8221; locked=&#8221;off&#8221;][et_pb_row _builder_version=&#8221;4.9.7&#8243; _module_preset=&#8221;default&#8221; background_color=&#8221;#7ebec5&#8243; custom_margin=&#8221;40px||||false|false&#8221; custom_padding=&#8221;20px||0px|20px|false|false&#8221; border_radii=&#8221;off|20px|20px||&#8221;][et_pb_column type=&#8221;4_4&#8243; _builder_version=&#8221;4.9.7&#8243; _module_preset=&#8221;default&#8221;][et_pb_text _builder_version=&#8221;4.9.7&#8243; text_font=&#8221;||||||||&#8221; text_line_height=&#8221;1.8em&#8221; header_font=&#8221;||||||||&#8221; header_2_font=&#8221;Overpass|300|||||||&#8221; header_2_font_size=&#8221;35px&#8221; header_2_line_height=&#8221;1.5em&#8221; header_3_line_height=&#8221;1.8em&#8221; custom_margin=&#8221;0px||0px||false|false&#8221; custom_padding=&#8221;0px||0px||false|false&#8221; header_2_font_size_tablet=&#8221;30px&#8221; header_2_font_size_phone=&#8221;20px&#8221; header_2_font_size_last_edited=&#8221;on|phone&#8221; border_color_all=&#8221;#1a0a38&#8243;]<h3><span style=\"color: #333333; font-weight:normal,\">POUR LES ENTREPRISES<\/span><\/h3>[\/et_pb_text][et_pb_text _builder_version=&#8221;4.9.7&#8243; text_font=&#8221;||||||||&#8221; text_text_color=&#8221;#000000&#8243; text_line_height=&#8221;1em&#8221; header_font=&#8221;||||||||&#8221; header_2_font=&#8221;Overpass|300|||||||&#8221; header_2_font_size=&#8221;35px&#8221; header_2_line_height=&#8221;1.5em&#8221; header_3_line_height=&#8221;1.8em&#8221; custom_margin=&#8221;0px||20px||false|false&#8221; header_2_font_size_tablet=&#8221;30px&#8221; header_2_font_size_phone=&#8221;20px&#8221; header_2_font_size_last_edited=&#8221;on|phone&#8221; border_color_all=&#8221;#1a0a38&#8243;]<h4><span style=\"color: #666666; font-weight: normal;\">D\u00e9couvrez nos solutions de formation pour vos \u00e9quipes et apprenants :<\/span><\/h4>[\/et_pb_text][\/et_pb_column][\/et_pb_row][et_pb_row column_structure=&#8221;1_3,1_3,1_3&#8243; _builder_version=&#8221;4.9.7&#8243; _module_preset=&#8221;default&#8221; background_color=&#8221;#7ebec5&#8243; custom_padding=&#8221;|30px|30px|30px|false|false&#8221; border_radii=&#8221;off|||20px|20px&#8221; border_color_all=&#8221;#3BB6D5&#8243;][et_pb_column type=&#8221;1_3&#8243; _builder_version=&#8221;4.9.7&#8243; _module_preset=&#8221;default&#8221; border_color_all=&#8221;#3BB6D5&#8243;][et_pb_image src=&#8221;https:\/\/www.editions-eni.fr\/blog\/wp-content\/uploads\/2021\/06\/reflechir.jpg&#8221; alt=&#8221;R\u00e9fl\u00e9chir en amont&#8221; title_text=&#8221;reflechir&#8221; _builder_version=&#8221;4.9.7&#8243; _module_preset=&#8221;default&#8221; border_color_all=&#8221;#000000&#8243; box_shadow_style=&#8221;preset1&#8243;][\/et_pb_image][\/et_pb_column][et_pb_column type=&#8221;1_3&#8243; _builder_version=&#8221;4.9.7&#8243; _module_preset=&#8221;default&#8221;][et_pb_image src=&#8221;https:\/\/www.editions-eni.fr\/blog\/wp-content\/uploads\/2021\/10\/iconeElearning.png&#8221; alt=&#8221;elearning&#8221; title_text=&#8221;iconeElearning&#8221; align=&#8221;center&#8221; _builder_version=&#8221;4.9.7&#8243; _module_preset=&#8221;default&#8221; custom_margin=&#8221;10px||||false|false&#8221;][\/et_pb_image][et_pb_text _builder_version=&#8221;4.9.7&#8243; _module_preset=&#8221;default&#8221; header_4_text_color=&#8221;#FFFFFF&#8221;]<h4 style=\"text-align: center;\">En e-learning avec <br \/>notre offre pour les professionnels<\/h4>[\/et_pb_text][et_pb_button button_url=&#8221;https:\/\/www.eni-elearning.com\/fr\/&#8221; url_new_window=&#8221;on&#8221; button_text=&#8221;En savoir plus&#8221; button_alignment=&#8221;center&#8221; _builder_version=&#8221;4.9.7&#8243; _module_preset=&#8221;default&#8221; custom_button=&#8221;on&#8221; button_text_color=&#8221;#EEEEEE&#8221;][\/et_pb_button][\/et_pb_column][et_pb_column type=&#8221;1_3&#8243; _builder_version=&#8221;4.9.7&#8243; _module_preset=&#8221;default&#8221;][et_pb_image src=&#8221;https:\/\/www.editions-eni.fr\/blog\/wp-content\/uploads\/2021\/10\/iconeFormateur.png&#8221; alt=&#8221;formateur&#8221; title_text=&#8221;iconeFormateur&#8221; align=&#8221;center&#8221; _builder_version=&#8221;4.9.7&#8243; _module_preset=&#8221;default&#8221; custom_margin=&#8221;10px||||false|false&#8221;][\/et_pb_image][et_pb_text _builder_version=&#8221;4.9.7&#8243; _module_preset=&#8221;default&#8221; header_4_text_color=&#8221;#FFFFFF&#8221;]<h4 style=\"text-align: center;\">Avec un formateur, <br \/>en pr\u00e9sentiel ou \u00e0 distance<\/h4>[\/et_pb_text][et_pb_button button_url=&#8221;https:\/\/www.eni-service.fr\/categorie\/formation\/ia-generatives-chatgpt\/&#8221; url_new_window=&#8221;on&#8221; button_text=&#8221;En savoir plus&#8221; button_alignment=&#8221;center&#8221; _builder_version=&#8221;4.9.7&#8243; _module_preset=&#8221;default&#8221; custom_button=&#8221;on&#8221; button_text_color=&#8221;#FFFFFF&#8221;][\/et_pb_button][\/et_pb_column][\/et_pb_row][\/et_pb_section]\n","protected":false},"excerpt":{"rendered":"<p>Article initialement publi\u00e9 sur la newsletter Ctrl Tech : S\u2019abonner sur LinkedIn M\u00eame si je s\u00e9pare clairement vie priv\u00e9e et vie professionnelle, ma totale incapacit\u00e9 \u00e0 vivre d\u00e9connect\u00e9e, ne serait-ce que quelques jours, m\u2019a amen\u00e9 indirectement un peu de boulot sous le soleil. Il m\u2019a suffi d\u2019ouvrir les sites d\u2019actus, m\u00eame g\u00e9n\u00e9ralistes, pour retomber sur [&hellip;]<\/p>\n","protected":false},"author":8,"featured_media":5395,"comment_status":"closed","ping_status":"closed","sticky":false,"template":"","format":"standard","meta":{"_acf_changed":false,"_et_pb_use_builder":"on","_et_pb_old_content":"","_et_gb_content_width":"","inline_featured_image":false,"footnotes":""},"categories":[10,13],"tags":[],"genre":[37,39],"class_list":["post-5394","post","type-post","status-publish","format-standard","has-post-thumbnail","hentry","category-societe-tendances","category-temoignages","genre-societe-tendances","genre-temoignage"],"acf":[],"yoast_head":"<!-- This site is optimized with the Yoast SEO plugin v24.7 - https:\/\/yoast.com\/wordpress\/plugins\/seo\/ -->\n<title>IA g\u00e9n\u00e9rative : la charrue, les b\u0153ufs et l\u2019agriculteur - Eni Blog<\/title>\n<meta name=\"description\" content=\"Le ph\u00e9nom\u00e8ne par lequel une technologie est pr\u00e9sent\u00e9e comme une r\u00e9volution, est fr\u00e9quent. Tr\u00e8s fr\u00e9quent (trop fr\u00e9quent).\" \/>\n<meta name=\"robots\" content=\"index, follow, max-snippet:-1, max-image-preview:large, max-video-preview:-1\" \/>\n<link rel=\"canonical\" href=\"https:\/\/www.editions-eni.fr\/blog\/ia-generative-la-charrue-les-boeufs-et-lagriculteur\/\" \/>\n<meta property=\"og:locale\" content=\"fr_FR\" \/>\n<meta property=\"og:type\" content=\"article\" \/>\n<meta property=\"og:title\" content=\"IA g\u00e9n\u00e9rative : la charrue, les b\u0153ufs et l\u2019agriculteur - Eni Blog\" \/>\n<meta property=\"og:description\" content=\"Le ph\u00e9nom\u00e8ne par lequel une technologie est pr\u00e9sent\u00e9e comme une r\u00e9volution, est fr\u00e9quent. Tr\u00e8s fr\u00e9quent (trop fr\u00e9quent).\" \/>\n<meta property=\"og:url\" content=\"https:\/\/www.editions-eni.fr\/blog\/ia-generative-la-charrue-les-boeufs-et-lagriculteur\/\" \/>\n<meta property=\"og:site_name\" content=\"Eni Blog\" \/>\n<meta property=\"article:published_time\" content=\"2023-10-10T13:41:29+00:00\" \/>\n<meta property=\"article:modified_time\" content=\"2024-12-31T15:04:56+00:00\" \/>\n<meta property=\"og:image\" content=\"https:\/\/www.editions-eni.fr\/blog\/wp-content\/uploads\/2023\/10\/illustration_ia_generative.jpg\" \/>\n\t<meta property=\"og:image:width\" content=\"752\" \/>\n\t<meta property=\"og:image:height\" content=\"421\" \/>\n\t<meta property=\"og:image:type\" content=\"image\/jpeg\" \/>\n<meta name=\"author\" content=\"Denis Poillerat\" \/>\n<meta name=\"twitter:card\" content=\"summary_large_image\" \/>\n<meta name=\"twitter:label1\" content=\"\u00c9crit par\" \/>\n\t<meta name=\"twitter:data1\" content=\"Denis Poillerat\" \/>\n\t<meta name=\"twitter:label2\" content=\"Dur\u00e9e de lecture estim\u00e9e\" \/>\n\t<meta name=\"twitter:data2\" content=\"11 minutes\" \/>\n<script type=\"application\/ld+json\" class=\"yoast-schema-graph\">{\"@context\":\"https:\/\/schema.org\",\"@graph\":[{\"@type\":\"WebPage\",\"@id\":\"https:\/\/www.editions-eni.fr\/blog\/ia-generative-la-charrue-les-boeufs-et-lagriculteur\/\",\"url\":\"https:\/\/www.editions-eni.fr\/blog\/ia-generative-la-charrue-les-boeufs-et-lagriculteur\/\",\"name\":\"IA g\u00e9n\u00e9rative : la charrue, les b\u0153ufs et l\u2019agriculteur - Eni Blog\",\"isPartOf\":{\"@id\":\"https:\/\/www.editions-eni.fr\/blog\/#website\"},\"primaryImageOfPage\":{\"@id\":\"https:\/\/www.editions-eni.fr\/blog\/ia-generative-la-charrue-les-boeufs-et-lagriculteur\/#primaryimage\"},\"image\":{\"@id\":\"https:\/\/www.editions-eni.fr\/blog\/ia-generative-la-charrue-les-boeufs-et-lagriculteur\/#primaryimage\"},\"thumbnailUrl\":\"https:\/\/www.editions-eni.fr\/blog\/wp-content\/uploads\/2023\/10\/illustration_ia_generative.jpg\",\"datePublished\":\"2023-10-10T13:41:29+00:00\",\"dateModified\":\"2024-12-31T15:04:56+00:00\",\"author\":{\"@id\":\"https:\/\/www.editions-eni.fr\/blog\/#\/schema\/person\/a6d10ff07aa69cb7c10371334bbe60f6\"},\"description\":\"Le ph\u00e9nom\u00e8ne par lequel une technologie est pr\u00e9sent\u00e9e comme une r\u00e9volution, est fr\u00e9quent. Tr\u00e8s fr\u00e9quent (trop fr\u00e9quent).\",\"breadcrumb\":{\"@id\":\"https:\/\/www.editions-eni.fr\/blog\/ia-generative-la-charrue-les-boeufs-et-lagriculteur\/#breadcrumb\"},\"inLanguage\":\"fr-FR\",\"potentialAction\":[{\"@type\":\"ReadAction\",\"target\":[\"https:\/\/www.editions-eni.fr\/blog\/ia-generative-la-charrue-les-boeufs-et-lagriculteur\/\"]}]},{\"@type\":\"ImageObject\",\"inLanguage\":\"fr-FR\",\"@id\":\"https:\/\/www.editions-eni.fr\/blog\/ia-generative-la-charrue-les-boeufs-et-lagriculteur\/#primaryimage\",\"url\":\"https:\/\/www.editions-eni.fr\/blog\/wp-content\/uploads\/2023\/10\/illustration_ia_generative.jpg\",\"contentUrl\":\"https:\/\/www.editions-eni.fr\/blog\/wp-content\/uploads\/2023\/10\/illustration_ia_generative.jpg\",\"width\":752,\"height\":421,\"caption\":\"Illustration IA g\u00e9n\u00e9rative\"},{\"@type\":\"BreadcrumbList\",\"@id\":\"https:\/\/www.editions-eni.fr\/blog\/ia-generative-la-charrue-les-boeufs-et-lagriculteur\/#breadcrumb\",\"itemListElement\":[{\"@type\":\"ListItem\",\"position\":1,\"name\":\"Home\",\"item\":\"https:\/\/www.editions-eni.fr\/blog\/\"},{\"@type\":\"ListItem\",\"position\":2,\"name\":\"IA g\u00e9n\u00e9rative : la charrue, les b\u0153ufs et l\u2019agriculteur\"}]},{\"@type\":\"WebSite\",\"@id\":\"https:\/\/www.editions-eni.fr\/blog\/#website\",\"url\":\"https:\/\/www.editions-eni.fr\/blog\/\",\"name\":\"Eni Blog\",\"description\":\"Blog des Editions ENI\",\"potentialAction\":[{\"@type\":\"SearchAction\",\"target\":{\"@type\":\"EntryPoint\",\"urlTemplate\":\"https:\/\/www.editions-eni.fr\/blog\/?s={search_term_string}\"},\"query-input\":{\"@type\":\"PropertyValueSpecification\",\"valueRequired\":true,\"valueName\":\"search_term_string\"}}],\"inLanguage\":\"fr-FR\"},{\"@type\":\"Person\",\"@id\":\"https:\/\/www.editions-eni.fr\/blog\/#\/schema\/person\/a6d10ff07aa69cb7c10371334bbe60f6\",\"name\":\"Denis Poillerat\",\"url\":\"https:\/\/www.editions-eni.fr\/blog\/author\/dpoillerat\/\"}]}<\/script>\n<!-- \/ Yoast SEO plugin. -->","yoast_head_json":{"title":"IA g\u00e9n\u00e9rative : la charrue, les b\u0153ufs et l\u2019agriculteur - Eni Blog","description":"Le ph\u00e9nom\u00e8ne par lequel une technologie est pr\u00e9sent\u00e9e comme une r\u00e9volution, est fr\u00e9quent. Tr\u00e8s fr\u00e9quent (trop fr\u00e9quent).","robots":{"index":"index","follow":"follow","max-snippet":"max-snippet:-1","max-image-preview":"max-image-preview:large","max-video-preview":"max-video-preview:-1"},"canonical":"https:\/\/www.editions-eni.fr\/blog\/ia-generative-la-charrue-les-boeufs-et-lagriculteur\/","og_locale":"fr_FR","og_type":"article","og_title":"IA g\u00e9n\u00e9rative : la charrue, les b\u0153ufs et l\u2019agriculteur - Eni Blog","og_description":"Le ph\u00e9nom\u00e8ne par lequel une technologie est pr\u00e9sent\u00e9e comme une r\u00e9volution, est fr\u00e9quent. Tr\u00e8s fr\u00e9quent (trop fr\u00e9quent).","og_url":"https:\/\/www.editions-eni.fr\/blog\/ia-generative-la-charrue-les-boeufs-et-lagriculteur\/","og_site_name":"Eni Blog","article_published_time":"2023-10-10T13:41:29+00:00","article_modified_time":"2024-12-31T15:04:56+00:00","og_image":[{"width":752,"height":421,"url":"https:\/\/www.editions-eni.fr\/blog\/wp-content\/uploads\/2023\/10\/illustration_ia_generative.jpg","type":"image\/jpeg"}],"author":"Denis Poillerat","twitter_card":"summary_large_image","twitter_misc":{"\u00c9crit par":"Denis Poillerat","Dur\u00e9e de lecture estim\u00e9e":"11 minutes"},"schema":{"@context":"https:\/\/schema.org","@graph":[{"@type":"WebPage","@id":"https:\/\/www.editions-eni.fr\/blog\/ia-generative-la-charrue-les-boeufs-et-lagriculteur\/","url":"https:\/\/www.editions-eni.fr\/blog\/ia-generative-la-charrue-les-boeufs-et-lagriculteur\/","name":"IA g\u00e9n\u00e9rative : la charrue, les b\u0153ufs et l\u2019agriculteur - Eni Blog","isPartOf":{"@id":"https:\/\/www.editions-eni.fr\/blog\/#website"},"primaryImageOfPage":{"@id":"https:\/\/www.editions-eni.fr\/blog\/ia-generative-la-charrue-les-boeufs-et-lagriculteur\/#primaryimage"},"image":{"@id":"https:\/\/www.editions-eni.fr\/blog\/ia-generative-la-charrue-les-boeufs-et-lagriculteur\/#primaryimage"},"thumbnailUrl":"https:\/\/www.editions-eni.fr\/blog\/wp-content\/uploads\/2023\/10\/illustration_ia_generative.jpg","datePublished":"2023-10-10T13:41:29+00:00","dateModified":"2024-12-31T15:04:56+00:00","author":{"@id":"https:\/\/www.editions-eni.fr\/blog\/#\/schema\/person\/a6d10ff07aa69cb7c10371334bbe60f6"},"description":"Le ph\u00e9nom\u00e8ne par lequel une technologie est pr\u00e9sent\u00e9e comme une r\u00e9volution, est fr\u00e9quent. Tr\u00e8s fr\u00e9quent (trop fr\u00e9quent).","breadcrumb":{"@id":"https:\/\/www.editions-eni.fr\/blog\/ia-generative-la-charrue-les-boeufs-et-lagriculteur\/#breadcrumb"},"inLanguage":"fr-FR","potentialAction":[{"@type":"ReadAction","target":["https:\/\/www.editions-eni.fr\/blog\/ia-generative-la-charrue-les-boeufs-et-lagriculteur\/"]}]},{"@type":"ImageObject","inLanguage":"fr-FR","@id":"https:\/\/www.editions-eni.fr\/blog\/ia-generative-la-charrue-les-boeufs-et-lagriculteur\/#primaryimage","url":"https:\/\/www.editions-eni.fr\/blog\/wp-content\/uploads\/2023\/10\/illustration_ia_generative.jpg","contentUrl":"https:\/\/www.editions-eni.fr\/blog\/wp-content\/uploads\/2023\/10\/illustration_ia_generative.jpg","width":752,"height":421,"caption":"Illustration IA g\u00e9n\u00e9rative"},{"@type":"BreadcrumbList","@id":"https:\/\/www.editions-eni.fr\/blog\/ia-generative-la-charrue-les-boeufs-et-lagriculteur\/#breadcrumb","itemListElement":[{"@type":"ListItem","position":1,"name":"Home","item":"https:\/\/www.editions-eni.fr\/blog\/"},{"@type":"ListItem","position":2,"name":"IA g\u00e9n\u00e9rative : la charrue, les b\u0153ufs et l\u2019agriculteur"}]},{"@type":"WebSite","@id":"https:\/\/www.editions-eni.fr\/blog\/#website","url":"https:\/\/www.editions-eni.fr\/blog\/","name":"Eni Blog","description":"Blog des Editions ENI","potentialAction":[{"@type":"SearchAction","target":{"@type":"EntryPoint","urlTemplate":"https:\/\/www.editions-eni.fr\/blog\/?s={search_term_string}"},"query-input":{"@type":"PropertyValueSpecification","valueRequired":true,"valueName":"search_term_string"}}],"inLanguage":"fr-FR"},{"@type":"Person","@id":"https:\/\/www.editions-eni.fr\/blog\/#\/schema\/person\/a6d10ff07aa69cb7c10371334bbe60f6","name":"Denis Poillerat","url":"https:\/\/www.editions-eni.fr\/blog\/author\/dpoillerat\/"}]}},"_links":{"self":[{"href":"https:\/\/www.editions-eni.fr\/blog\/wp-json\/wp\/v2\/posts\/5394","targetHints":{"allow":["GET"]}}],"collection":[{"href":"https:\/\/www.editions-eni.fr\/blog\/wp-json\/wp\/v2\/posts"}],"about":[{"href":"https:\/\/www.editions-eni.fr\/blog\/wp-json\/wp\/v2\/types\/post"}],"author":[{"embeddable":true,"href":"https:\/\/www.editions-eni.fr\/blog\/wp-json\/wp\/v2\/users\/8"}],"replies":[{"embeddable":true,"href":"https:\/\/www.editions-eni.fr\/blog\/wp-json\/wp\/v2\/comments?post=5394"}],"version-history":[{"count":11,"href":"https:\/\/www.editions-eni.fr\/blog\/wp-json\/wp\/v2\/posts\/5394\/revisions"}],"predecessor-version":[{"id":6372,"href":"https:\/\/www.editions-eni.fr\/blog\/wp-json\/wp\/v2\/posts\/5394\/revisions\/6372"}],"wp:featuredmedia":[{"embeddable":true,"href":"https:\/\/www.editions-eni.fr\/blog\/wp-json\/wp\/v2\/media\/5395"}],"wp:attachment":[{"href":"https:\/\/www.editions-eni.fr\/blog\/wp-json\/wp\/v2\/media?parent=5394"}],"wp:term":[{"taxonomy":"category","embeddable":true,"href":"https:\/\/www.editions-eni.fr\/blog\/wp-json\/wp\/v2\/categories?post=5394"},{"taxonomy":"post_tag","embeddable":true,"href":"https:\/\/www.editions-eni.fr\/blog\/wp-json\/wp\/v2\/tags?post=5394"},{"taxonomy":"genre","embeddable":true,"href":"https:\/\/www.editions-eni.fr\/blog\/wp-json\/wp\/v2\/genre?post=5394"}],"curies":[{"name":"wp","href":"https:\/\/api.w.org\/{rel}","templated":true}]}}